{"id":852,"date":"2026-01-05T09:37:17","date_gmt":"2026-01-05T08:37:17","guid":{"rendered":"https:\/\/www.music-art.org\/?p=852"},"modified":"2026-01-17T09:39:11","modified_gmt":"2026-01-17T08:39:11","slug":"assemblee-generale","status":"publish","type":"post","link":"https:\/\/www.music-art.org\/index.php\/2026\/01\/05\/assemblee-generale\/","title":{"rendered":"Assembl\u00e9e g\u00e9n\u00e9rale"},"content":{"rendered":"\n<p>Les Assembl\u00e9es G\u00e9n\u00e9rales de l\u2019association Music\u2019Art se tiendront le samedi 17 janvier 2026 \u00e0 10h30, \u00e0 la salle Camborne de Ste-Anne d\u2019Auray.<\/p>\n\n\n\n<p><strong>Assembl\u00e9e G\u00e9n\u00e9rale Ordinaire<\/strong><br>Elle permettra de faire le bilan des activit\u00e9s de l\u2019ann\u00e9e \u00e9coul\u00e9e, de pr\u00e9senter les projets \u00e0 venir et d\u2019\u00e9changer ensemble autour de la vie de l\u2019association.<br>\u00c0 cette occasion, les postes de secr\u00e9taire et de tr\u00e9sorier seront \u00e0 pourvoir. Les adh\u00e9rents int\u00e9ress\u00e9s peuvent faire acte de candidature avant ou pendant la r\u00e9union.<\/p>\n\n\n\n<p><strong>Assembl\u00e9e G\u00e9n\u00e9rale Extraordinaire<\/strong><br>Elle se tiendra imm\u00e9diatement apr\u00e8s l\u2019Assembl\u00e9e G\u00e9n\u00e9rale Ordinaire et aura pour objet la pr\u00e9sentation et le vote d\u2019un projet de modification des statuts de l\u2019association.<\/p>\n\n\n\n<p>Votre pr\u00e9sence est essentielle pour la vie et l\u2019\u00e9volution de Music\u2019Art.<br>En cas d\u2019emp\u00eachement, vous pouvez vous faire repr\u00e9senter par un autre membre \u00e0 l\u2019aide du pouvoir joint.<\/p>\n\n\n\n<p><strong>Galette des rois<\/strong><br>Les assembl\u00e9es seront suivies d\u2019un moment convivial autour de la traditionnelle galette des rois.<\/p>\n\n\n\n<p><br>Nous profitons de ce message pour vous adresser nos meilleurs v\u0153ux pour l\u2019ann\u00e9e 2026, qu\u2019elle soit plac\u00e9e sous le signe de la musique, du partage et de la cr\u00e9ativit\u00e9 \ud83c\udfb6<\/p>\n","protected":false},"excerpt":{"rendered":"<p>Les Assembl\u00e9es G\u00e9n\u00e9rales de l\u2019association Music\u2019Art se tiendront le samedi 17 janvier 2026 \u00e0 10h30, \u00e0 la salle Camborne de Ste-Anne d\u2019Auray. Assembl\u00e9e G\u00e9n\u00e9rale OrdinaireElle permettra de faire le bilan des activit\u00e9s de l\u2019ann\u00e9e \u00e9coul\u00e9e, de pr\u00e9senter les projets \u00e0 venir et d\u2019\u00e9changer ensemble autour de la vie de l\u2019association.\u00c0 cette occasion, les postes de &hellip; <\/p>\n<p class=\"link-more\"><a href=\"https:\/\/www.music-art.org\/index.php\/2026\/01\/05\/assemblee-generale\/\" class=\"more-link\">Continuer la lecture<span class=\"screen-reader-text\"> de &laquo;&nbsp;Assembl\u00e9e g\u00e9n\u00e9rale&nbsp;&raquo;<\/span><\/a><\/p>\n","protected":false},"author":1,"featured_media":0,"comment_status":"closed","ping_status":"open","sticky":false,"template":"","format":"standard","meta":{"footnotes":""},"categories":[1],"tags":[],"class_list":["post-852","post","type-post","status-publish","format-standard","hentry","category-non-classe"],"_links":{"self":[{"href":"https:\/\/www.music-art.org\/index.php\/wp-json\/wp\/v2\/posts\/852","targetHints":{"allow":["GET"]}}],"collection":[{"href":"https:\/\/www.music-art.org\/index.php\/wp-json\/wp\/v2\/posts"}],"about":[{"href":"https:\/\/www.music-art.org\/index.php\/wp-json\/wp\/v2\/types\/post"}],"author":[{"embeddable":true,"href":"https:\/\/www.music-art.org\/index.php\/wp-json\/wp\/v2\/users\/1"}],"replies":[{"embeddable":true,"href":"https:\/\/www.music-art.org\/index.php\/wp-json\/wp\/v2\/comments?post=852"}],"version-history":[{"count":3,"href":"https:\/\/www.music-art.org\/index.php\/wp-json\/wp\/v2\/posts\/852\/revisions"}],"predecessor-version":[{"id":856,"href":"https:\/\/www.music-art.org\/index.php\/wp-json\/wp\/v2\/posts\/852\/revisions\/856"}],"wp:attachment":[{"href":"https:\/\/www.music-art.org\/index.php\/wp-json\/wp\/v2\/media?parent=852"}],"wp:term":[{"taxonomy":"category","embeddable":true,"href":"https:\/\/www.music-art.org\/index.php\/wp-json\/wp\/v2\/categories?post=852"},{"taxonomy":"post_tag","embeddable":true,"href":"https:\/\/www.music-art.org\/index.php\/wp-json\/wp\/v2\/tags?post=852"}],"curies":[{"name":"wp","href":"https:\/\/api.w.org\/{rel}","templated":true}]}}